{"id":150,"date":"2011-09-30T06:56:51","date_gmt":"2011-09-30T05:56:51","guid":{"rendered":"http:\/\/www.konstensvecka.se\/blogg\/?p=150"},"modified":"2011-09-30T06:56:51","modified_gmt":"2011-09-30T05:56:51","slug":"konstlager-i-blekinge","status":"publish","type":"post","link":"https:\/\/konstensvecka.se\/?p=150","title":{"rendered":"Konstl\u00e4ger i Blekinge"},"content":{"rendered":"<p>I Blekinge visar alla konstf\u00f6reningar utst\u00e4llningar under Konstens Vecka.<br \/>\nDistriktet uppm\u00e4rksammar det \u00e5rligen \u00e5terkommande konstl\u00e4gret f\u00f6r ungdomar genom att l\u00e5ta n\u00e5gra av deltagarna ber\u00e4tta och visa sina alster. Detta sker i gallerian i Wachtmeister torsdagen den 6 oktober kl. 11.30.<\/p>\n","protected":false},"excerpt":{"rendered":"<p>I Blekinge visar alla konstf\u00f6reningar utst\u00e4llningar under Konstens Vecka. Distriktet uppm\u00e4rksammar det \u00e5rligen \u00e5terkommande konstl\u00e4gret f\u00f6r ungdomar genom att l\u00e5ta n\u00e5gra av deltagarna ber\u00e4tta och visa sina alster. Detta sker i gallerian i Wachtmeister torsdagen den 6 oktober kl. 11.30.<\/p>\n","protected":false},"author":1,"featured_media":0,"comment_status":"closed","ping_status":"open","sticky":false,"template":"","format":"standard","meta":{"footnotes":""},"categories":[7],"tags":[],"class_list":{"0":"post-150","1":"post","2":"type-post","3":"status-publish","4":"format-standard","6":"category-vad-hander"},"_links":{"self":[{"href":"https:\/\/konstensvecka.se\/index.php?rest_route=\/wp\/v2\/posts\/150","targetHints":{"allow":["GET"]}}],"collection":[{"href":"https:\/\/konstensvecka.se\/index.php?rest_route=\/wp\/v2\/posts"}],"about":[{"href":"https:\/\/konstensvecka.se\/index.php?rest_route=\/wp\/v2\/types\/post"}],"author":[{"embeddable":true,"href":"https:\/\/konstensvecka.se\/index.php?rest_route=\/wp\/v2\/users\/1"}],"replies":[{"embeddable":true,"href":"https:\/\/konstensvecka.se\/index.php?rest_route=%2Fwp%2Fv2%2Fcomments&post=150"}],"version-history":[{"count":0,"href":"https:\/\/konstensvecka.se\/index.php?rest_route=\/wp\/v2\/posts\/150\/revisions"}],"wp:attachment":[{"href":"https:\/\/konstensvecka.se\/index.php?rest_route=%2Fwp%2Fv2%2Fmedia&parent=150"}],"wp:term":[{"taxonomy":"category","embeddable":true,"href":"https:\/\/konstensvecka.se\/index.php?rest_route=%2Fwp%2Fv2%2Fcategories&post=150"},{"taxonomy":"post_tag","embeddable":true,"href":"https:\/\/konstensvecka.se\/index.php?rest_route=%2Fwp%2Fv2%2Ftags&post=150"}],"curies":[{"name":"wp","href":"https:\/\/api.w.org\/{rel}","templated":true}]}}