{"id":620,"date":"2015-09-30T10:27:46","date_gmt":"2015-09-30T08:27:46","guid":{"rendered":"http:\/\/konstensvecka.se\/?p=620"},"modified":"2016-06-29T22:27:23","modified_gmt":"2016-06-29T20:27:23","slug":"trosabygdens-konstforening-jurybedomd-konstutstallning","status":"publish","type":"post","link":"http:\/\/konstensvecka.se\/?p=620","title":{"rendered":"Trosabygdens konstf\u00f6rening jurybed\u00f6md konstutst\u00e4llning"},"content":{"rendered":"<p><a href=\"http:\/\/konstensvecka.se\/wp-content\/uploads\/2015\/09\/Affisch-H\u00f6stgl\u00f6d-2015.jpg\"><img loading=\"lazy\" decoding=\"async\" class=\"alignright size-full wp-image-621\" src=\"http:\/\/konstensvecka.se\/wp-content\/uploads\/2015\/09\/Affisch-H\u00f6stgl\u00f6d-2015.jpg\" alt=\"Affisch-H\u00f6stgl\u00f6d-2015\" width=\"400\" height=\"520\" srcset=\"http:\/\/konstensvecka.se\/wp-content\/uploads\/2015\/09\/Affisch-H\u00f6stgl\u00f6d-2015.jpg 400w, http:\/\/konstensvecka.se\/wp-content\/uploads\/2015\/09\/Affisch-H\u00f6stgl\u00f6d-2015-231x300.jpg 231w\" sizes=\"auto, (max-width: 400px) 100vw, 400px\" \/><\/a>Trosabygdens konstf\u00f6rening arrangerar f\u00f6r \u00e5ttonde \u00e5ret i rad\u00a0en jurybed\u00f6md konstutst\u00e4llning. Utst\u00e4llningen \u00e4ger rum under Konstens vecka (v.40) och visas fr\u00e5n 26 september till\u00a03 oktober i Trosa Kvarn. \u00c5rets tema r\u00f6stades fram p\u00e5 f\u00f6reningens \u00e5rsm\u00f6te och \u00a0\u201dH\u00d6STGL\u00d6D\u201d blev resultatet. Ingen begr\u00e4nsning finns i teknik, material eller fantasi men formatet f\u00e5r inte \u00f6verstiga 1 meter i kvadrat per utst\u00e4llare. Tre konstverk per utst\u00e4llare kan l\u00e4mnas in. Alla konstut\u00f6vare i Trosabygden och n\u00e4rliggande orter har varit v\u00e4lkomna att delta. I \u00e5r deltog 14 konstn\u00e4rer.<\/p>\n<p>Vi har inbjudit publiken att komma och r\u00f6sta p\u00e5 sitt favoritkonstverk samt har en separat omr\u00f6stning f\u00f6r barn och ungdomar.<\/p>\n<p>Veckan avslutas l\u00f6rdagen den 3 oktober med ett f\u00f6redrag samt prisutdelning till vinnande konstn\u00e4rer samt\u00a02 r\u00f6stande (1 barn\/1 vuxen).<\/p>\n<p>&nbsp;<\/p>\n","protected":false},"excerpt":{"rendered":"<p>Trosabygdens konstf\u00f6rening arrangerar f\u00f6r \u00e5ttonde \u00e5ret i rad\u00a0en jurybed\u00f6md konstutst\u00e4llning. Utst\u00e4llningen \u00e4ger rum under Konstens vecka (v.40) och visas fr\u00e5n 26 september till\u00a03 oktober i Trosa Kvarn. \u00c5rets tema r\u00f6stades fram p\u00e5 f\u00f6reningens \u00e5rsm\u00f6te och \u00a0\u201dH\u00d6STGL\u00d6D\u201d blev resultatet. Ingen begr\u00e4nsning finns i teknik, material eller fantasi men formatet f\u00e5r inte \u00f6verstiga 1 meter i kvadrat per utst\u00e4llare. Tre konstverk per utst\u00e4llare kan l\u00e4mnas in. Alla konstut\u00f6vare i Trosabygden och n\u00e4rliggande orter har varit v\u00e4lkomna att delta. I \u00e5r deltog 14 konstn\u00e4rer. Vi har inbjudit publiken att komma och r\u00f6sta p\u00e5 sitt favoritkonstverk samt har en separat omr\u00f6stning f\u00f6r barn och ungdomar. Veckan avslutas l\u00f6rdagen den 3 oktober med ett f\u00f6redrag samt prisutdelning till vinnande konstn\u00e4rer samt\u00a02 r\u00f6stande (1 barn\/1 vuxen). &nbsp;<\/p>\n","protected":false},"author":1,"featured_media":362,"comment_status":"closed","ping_status":"open","sticky":false,"template":"","format":"standard","meta":{"footnotes":""},"categories":[10],"tags":[],"class_list":{"0":"post-620","1":"post","2":"type-post","3":"status-publish","4":"format-standard","5":"has-post-thumbnail","7":"category-evenemang-2015"},"_links":{"self":[{"href":"http:\/\/konstensvecka.se\/index.php?rest_route=\/wp\/v2\/posts\/620","targetHints":{"allow":["GET"]}}],"collection":[{"href":"http:\/\/konstensvecka.se\/index.php?rest_route=\/wp\/v2\/posts"}],"about":[{"href":"http:\/\/konstensvecka.se\/index.php?rest_route=\/wp\/v2\/types\/post"}],"author":[{"embeddable":true,"href":"http:\/\/konstensvecka.se\/index.php?rest_route=\/wp\/v2\/users\/1"}],"replies":[{"embeddable":true,"href":"http:\/\/konstensvecka.se\/index.php?rest_route=%2Fwp%2Fv2%2Fcomments&post=620"}],"version-history":[{"count":1,"href":"http:\/\/konstensvecka.se\/index.php?rest_route=\/wp\/v2\/posts\/620\/revisions"}],"predecessor-version":[{"id":622,"href":"http:\/\/konstensvecka.se\/index.php?rest_route=\/wp\/v2\/posts\/620\/revisions\/622"}],"wp:featuredmedia":[{"embeddable":true,"href":"http:\/\/konstensvecka.se\/index.php?rest_route=\/wp\/v2\/media\/362"}],"wp:attachment":[{"href":"http:\/\/konstensvecka.se\/index.php?rest_route=%2Fwp%2Fv2%2Fmedia&parent=620"}],"wp:term":[{"taxonomy":"category","embeddable":true,"href":"http:\/\/konstensvecka.se\/index.php?rest_route=%2Fwp%2Fv2%2Fcategories&post=620"},{"taxonomy":"post_tag","embeddable":true,"href":"http:\/\/konstensvecka.se\/index.php?rest_route=%2Fwp%2Fv2%2Ftags&post=620"}],"curies":[{"name":"wp","href":"https:\/\/api.w.org\/{rel}","templated":true}]}}