{"id":109,"date":"2011-09-26T13:00:42","date_gmt":"2011-09-26T12:00:42","guid":{"rendered":"http:\/\/www.konstensvecka.se\/blogg\/?p=109"},"modified":"2011-09-26T13:00:42","modified_gmt":"2011-09-26T12:00:42","slug":"konstforeningarnas-dag-pa-moderna-museet-stockholm-sondag-9-oktober","status":"publish","type":"post","link":"http:\/\/konstensvecka.se\/?p=109","title":{"rendered":"Konstf\u00f6reningarnas Dag p\u00e5 Moderna Museet Stockholm s\u00f6ndag 9 oktober"},"content":{"rendered":"<p><strong>V\u00e4lkomna till Konstf\u00f6reningarnas Dag p\u00e5 Moderna Museet Stockholm s\u00f6ndag 9 oktober!<\/strong><\/p>\n<p><strong>Anm\u00e4lan \u00e4r nu \u00f6ppen. Antalet platser \u00e4r begr\u00e4nsat.<\/strong><\/p>\n<p><strong>Konstf\u00f6reningarnas Dag p\u00e5 Moderna Museet: s\u00f6ndag 9 oktober kl 13.00-15.30<\/strong><\/p>\n<p>Moderna Museet erbjuder en rabatterad entr\u00e9biljett f\u00f6r deltagare p\u00e5 Konstf\u00f6reningarnas Dag: 80 kr\/person som inkluderar f\u00f6rel\u00e4sningarna i auditoriet och entr\u00e9 till utst\u00e4llningarna.<\/p>\n<p><strong><a href=\"http:\/\/www.sverigeskonstforeningar.nu\/index.php\/2011\/09\/26\/konstforeningarnas-dag-pa-moderna-museet-stockholm-sondag-9-oktober\/\">Anm\u00e4l dig h\u00e4r<\/a><\/strong><\/p>\n<blockquote><p><strong>Program<\/strong>:<\/p>\n<p>13.00 Daniel Birnbaum: V\u00e4lkomna till Moderna Museet!<\/p>\n<p>13.20 Ann-Christin Nykvist: Sveriges Konstf\u00f6reningar<\/p>\n<p>13.30 Gunnar Bjursell: Den kulturella hj\u00e4rnan<\/p>\n<p>14.00 Paus<\/p>\n<p>14.30 Ann-Christin Nykvist: Folkbildning \u2013 Utveckling och kreativitet<\/p>\n<p>14.50 Helena \u00c5berg: Turner Monet Twombly\u00a0 &#8211; sent m\u00e5leri<\/p>\n<p>15.30 Slut<\/p>\n<p><strong>F\u00f6rel\u00e4sare<\/strong>:<\/p>\n<p>Daniel Birnbaum, \u00f6verintendent och chef Moderna Museet<\/p>\n<p>Ann-Christin Nykvist, ordf\u00f6rande Sveriges Konstf\u00f6reningar<\/p>\n<p>Gunnar Bjursell, professor i molekyl\u00e4rbiologi och fd verksamhetsledare Centrum f\u00f6r Kultur och H\u00e4lsa, G\u00f6teborgs Universitet.<\/p>\n<p>Helena \u00c5berg, intendent f\u00f6rmedling Moderna  Museet<\/p>\n<p>Moderator: Kalli Klement, f\u00f6rbundschef Sveriges Konstf\u00f6reningar<\/p>\n<p>&nbsp;<\/p><\/blockquote>\n<p><strong>Konstf\u00f6reningarnas Dag p\u00e5 Moderna Museet i Stockholm avslutar den landsomfattande Konstens Vecka. Sveriges Konstf\u00f6reningar och Moderna Museet inbjuder landets alla konstf\u00f6reningar till en konstens eftermiddag med f\u00f6rel\u00e4sningar och diskussioner.<\/strong><\/p>\n<p><strong> <\/strong><\/p>\n<figure id=\"attachment_3241\" aria-describedby=\"caption-attachment-3241\" style=\"width: 600px\" class=\"wp-caption aligncenter\"><a href=\"http:\/\/www.sverigeskonstforeningar.nu\/wp-content\/uploads\/2011\/06\/turner.jpg\"><img loading=\"lazy\" decoding=\"async\" class=\"size-full wp-image-3241\" title=\"J.M.W. Turner St Benedetto, Looking towards Fusina, Exhibited, 1843 \u00a9 Tate, London 2011\" src=\"http:\/\/www.sverigeskonstforeningar.nu\/wp-content\/uploads\/2011\/06\/turner.jpg\" alt=\"J.M.W. Turner St Benedetto, Looking towards Fusina, Exhibited, 1843 \u00a9 Tate, London 2011\" width=\"600\" height=\"343\" \/><\/a><figcaption id=\"caption-attachment-3241\" class=\"wp-caption-text\">J.M.W. Turner St Benedetto, Looking towards Fusina, Exhibited, 1843 \u00a9 Tate, London 2011<\/figcaption><\/figure>\n<p><a href=\"http:\/\/www.modernamuseet.se\/sv\/Stockholm\/Utstallningar\/2011\/Turner-Monet-Twombly\/\" target=\"_blank\">J. M. W. Turner, Claude Monet och Cy Twombly <\/a>\u00e4r tre av de st\u00f6rsta m\u00e5larna de senaste 150 \u00e5ren. I en banbrytande utst\u00e4llning med fokus p\u00e5 deras sena verk unders\u00f6ks inte enbart de konsthistoriska kopplingarna mellan dem utan ocks\u00e5 gemensamma drag och motiv i deras uttryck. Moderna Museets stora utst\u00e4llning Turner, Monet, Twombly \u00f6ppnar 8 oktober och Sveriges Konstf\u00f6reningars medlemmar \u00e4r de f\u00f6rsta i landet att erbjudas en f\u00f6rel\u00e4sning om konstn\u00e4rskapen.<\/p>\n<p>Att konstf\u00f6reningarna \u00e4r unika och viktiga k\u00e4nner de flesta som \u00e4r aktiva i konstf\u00f6reningar till. Men hur ser konstf\u00f6reningarna i landet ut? Och hur \u00e4r relationen till museet? Moderna Museet och Sveriges Konstf\u00f6reningar f\u00f6rel\u00e4ser om konstf\u00f6reningarna som en konstresurs i landet och f\u00f6r museet.<\/p>\n","protected":false},"excerpt":{"rendered":"<p>V\u00e4lkomna till Konstf\u00f6reningarnas Dag p\u00e5 Moderna Museet Stockholm s\u00f6ndag 9 oktober! Anm\u00e4lan \u00e4r nu \u00f6ppen. Antalet platser \u00e4r begr\u00e4nsat. Konstf\u00f6reningarnas Dag p\u00e5 Moderna Museet: s\u00f6ndag 9 oktober kl 13.00-15.30 Moderna Museet erbjuder en rabatterad entr\u00e9biljett f\u00f6r deltagare p\u00e5 Konstf\u00f6reningarnas Dag: 80 kr\/person som inkluderar f\u00f6rel\u00e4sningarna i auditoriet och entr\u00e9 till utst\u00e4llningarna. Anm\u00e4l dig h\u00e4r Program: 13.00 Daniel Birnbaum: V\u00e4lkomna till Moderna Museet! 13.20 Ann-Christin Nykvist: Sveriges Konstf\u00f6reningar 13.30 Gunnar Bjursell: Den kulturella hj\u00e4rnan 14.00 Paus 14.30 Ann-Christin Nykvist: Folkbildning \u2013 Utveckling och kreativitet 14.50 Helena \u00c5berg: Turner Monet Twombly\u00a0 &#8211; sent m\u00e5leri 15.30 Slut F\u00f6rel\u00e4sare: Daniel Birnbaum, \u00f6verintendent och chef Moderna Museet Ann-Christin Nykvist, ordf\u00f6rande Sveriges Konstf\u00f6reningar Gunnar Bjursell, professor i molekyl\u00e4rbiologi och fd verksamhetsledare Centrum f\u00f6r Kultur och H\u00e4lsa, G\u00f6teborgs Universitet. Helena \u00c5berg, intendent f\u00f6rmedling Moderna Museet Moderator: Kalli Klement, f\u00f6rbundschef Sveriges Konstf\u00f6reningar &nbsp; Konstf\u00f6reningarnas Dag p\u00e5 Moderna Museet i Stockholm avslutar den landsomfattande Konstens Vecka. Sveriges Konstf\u00f6reningar och&hellip;<\/p>\n<p> <a class=\"more-link\" href=\"http:\/\/konstensvecka.se\/?p=109\">L\u00e4s mer<\/a><\/p>\n","protected":false},"author":1,"featured_media":0,"comment_status":"closed","ping_status":"open","sticky":false,"template":"","format":"standard","meta":{"footnotes":""},"categories":[3],"tags":[],"class_list":{"0":"post-109","1":"post","2":"type-post","3":"status-publish","4":"format-standard","6":"category-evenemang"},"_links":{"self":[{"href":"http:\/\/konstensvecka.se\/index.php?rest_route=\/wp\/v2\/posts\/109","targetHints":{"allow":["GET"]}}],"collection":[{"href":"http:\/\/konstensvecka.se\/index.php?rest_route=\/wp\/v2\/posts"}],"about":[{"href":"http:\/\/konstensvecka.se\/index.php?rest_route=\/wp\/v2\/types\/post"}],"author":[{"embeddable":true,"href":"http:\/\/konstensvecka.se\/index.php?rest_route=\/wp\/v2\/users\/1"}],"replies":[{"embeddable":true,"href":"http:\/\/konstensvecka.se\/index.php?rest_route=%2Fwp%2Fv2%2Fcomments&post=109"}],"version-history":[{"count":0,"href":"http:\/\/konstensvecka.se\/index.php?rest_route=\/wp\/v2\/posts\/109\/revisions"}],"wp:attachment":[{"href":"http:\/\/konstensvecka.se\/index.php?rest_route=%2Fwp%2Fv2%2Fmedia&parent=109"}],"wp:term":[{"taxonomy":"category","embeddable":true,"href":"http:\/\/konstensvecka.se\/index.php?rest_route=%2Fwp%2Fv2%2Fcategories&post=109"},{"taxonomy":"post_tag","embeddable":true,"href":"http:\/\/konstensvecka.se\/index.php?rest_route=%2Fwp%2Fv2%2Ftags&post=109"}],"curies":[{"name":"wp","href":"https:\/\/api.w.org\/{rel}","templated":true}]}}