{"id":1080,"date":"2022-09-08T11:03:19","date_gmt":"2022-09-08T09:03:19","guid":{"rendered":"http:\/\/konstensvecka.se\/?p=1080"},"modified":"2022-09-08T11:03:19","modified_gmt":"2022-09-08T09:03:19","slug":"galleri-skadebanan-staller-ut","status":"publish","type":"post","link":"http:\/\/konstensvecka.se\/?p=1080","title":{"rendered":"Galleri Sk\u00e5debanan st\u00e4ller ut&#8230;"},"content":{"rendered":"<p style=\"text-align: center;\"><strong>Konstn\u00e4ren Assi Molin st\u00e4ller ut p\u00e5 Galleri Sk\u00e5debanan i Link\u00f6ping<\/strong><\/p>\n<p style=\"text-align: center;\">\u00d6ppet: tis 10-13 &amp; 14-18, ons-tor 10-13 &amp; 14-17, l\u00f6r 12-15, Galleri Sk\u00e5debanan, Drottninggatan 40, i Tr\u00e4dg\u00e5rdsf\u00f6reningen Link\u00f6ping<\/p>\n<p style=\"text-align: center;\"><a href=\"http:\/\/konstensvecka.se\/wp-content\/uploads\/2022\/09\/Assi_Molin_liten_bild-1.jpg\"><img loading=\"lazy\" decoding=\"async\" class=\"alignnone wp-image-1082 size-large\" src=\"http:\/\/konstensvecka.se\/wp-content\/uploads\/2022\/09\/Assi_Molin_liten_bild-1-1024x731.jpg\" alt=\"\" width=\"800\" height=\"571\" srcset=\"http:\/\/konstensvecka.se\/wp-content\/uploads\/2022\/09\/Assi_Molin_liten_bild-1-1024x731.jpg 1024w, http:\/\/konstensvecka.se\/wp-content\/uploads\/2022\/09\/Assi_Molin_liten_bild-1-300x214.jpg 300w, http:\/\/konstensvecka.se\/wp-content\/uploads\/2022\/09\/Assi_Molin_liten_bild-1-768x548.jpg 768w, http:\/\/konstensvecka.se\/wp-content\/uploads\/2022\/09\/Assi_Molin_liten_bild-1.jpg 1200w\" sizes=\"auto, (max-width: 800px) 100vw, 800px\" \/><\/a><\/p>\n<p style=\"text-align: center;\">\n<p style=\"text-align: center;\"><strong>P\u00e5 Sk\u00e5debanans galleri Kameleont i Norrk\u00f6ping presenteras den sensationella ADa-gruppen<\/strong><\/p>\n<p style=\"text-align: center;\">ett l\u00e5n fr\u00e5n Herrmann Museum i Essen.\u00a0 ADa-gruppen, som tros ha varit verksam under tidigt 1920-tal, uppt\u00e4cktes i ett skyddsrum strax efter Andra v\u00e4rldskriget.<\/p>\n<p style=\"text-align: center;\">De tv\u00e5 teknikerna Thomas Edetun och Stefan Teleman f\u00f6rmedlar utst\u00e4llningen.<\/p>\n<p style=\"text-align: center;\">\u00d6ppet: ons-fre 5-7 oktober\u00a0kl 12.00 &#8211; 15.00<strong>, <\/strong>Galleri Kameleont, Tr\u00e4dg\u00e5rdsgatan 16, Norrk\u00f6ping<\/p>\n<p><a href=\"http:\/\/konstensvecka.se\/wp-content\/uploads\/2022\/09\/Bild-ADa-Teleman_Edetun_liten.jpg\"><img loading=\"lazy\" decoding=\"async\" class=\"aligncenter size-large wp-image-1083\" src=\"http:\/\/konstensvecka.se\/wp-content\/uploads\/2022\/09\/Bild-ADa-Teleman_Edetun_liten-724x1024.jpg\" alt=\"\" width=\"724\" height=\"1024\" srcset=\"http:\/\/konstensvecka.se\/wp-content\/uploads\/2022\/09\/Bild-ADa-Teleman_Edetun_liten-724x1024.jpg 724w, http:\/\/konstensvecka.se\/wp-content\/uploads\/2022\/09\/Bild-ADa-Teleman_Edetun_liten-212x300.jpg 212w, http:\/\/konstensvecka.se\/wp-content\/uploads\/2022\/09\/Bild-ADa-Teleman_Edetun_liten-768x1087.jpg 768w, http:\/\/konstensvecka.se\/wp-content\/uploads\/2022\/09\/Bild-ADa-Teleman_Edetun_liten.jpg 848w\" sizes=\"auto, (max-width: 724px) 100vw, 724px\" \/><\/a><\/p>\n","protected":false},"excerpt":{"rendered":"<p>Konstn\u00e4ren Assi Molin st\u00e4ller ut p\u00e5 Galleri Sk\u00e5debanan i Link\u00f6ping \u00d6ppet: tis 10-13 &amp; 14-18, ons-tor 10-13 &amp; 14-17, l\u00f6r 12-15, Galleri Sk\u00e5debanan, Drottninggatan 40, i Tr\u00e4dg\u00e5rdsf\u00f6reningen Link\u00f6ping P\u00e5 Sk\u00e5debanans galleri Kameleont i Norrk\u00f6ping presenteras den sensationella ADa-gruppen ett l\u00e5n fr\u00e5n Herrmann Museum i Essen.\u00a0 ADa-gruppen, som tros ha varit verksam under tidigt 1920-tal, uppt\u00e4cktes i ett skyddsrum strax efter Andra v\u00e4rldskriget. De tv\u00e5 teknikerna Thomas Edetun och Stefan Teleman f\u00f6rmedlar utst\u00e4llningen. \u00d6ppet: ons-fre 5-7 oktober\u00a0kl 12.00 &#8211; 15.00, Galleri Kameleont, Tr\u00e4dg\u00e5rdsgatan 16, Norrk\u00f6ping<\/p>\n","protected":false},"author":1,"featured_media":1081,"comment_status":"closed","ping_status":"closed","sticky":false,"template":"","format":"standard","meta":{"footnotes":""},"categories":[15],"tags":[],"class_list":{"0":"post-1080","1":"post","2":"type-post","3":"status-publish","4":"format-standard","5":"has-post-thumbnail","7":"category-evenemang-2022-blogg"},"_links":{"self":[{"href":"http:\/\/konstensvecka.se\/index.php?rest_route=\/wp\/v2\/posts\/1080","targetHints":{"allow":["GET"]}}],"collection":[{"href":"http:\/\/konstensvecka.se\/index.php?rest_route=\/wp\/v2\/posts"}],"about":[{"href":"http:\/\/konstensvecka.se\/index.php?rest_route=\/wp\/v2\/types\/post"}],"author":[{"embeddable":true,"href":"http:\/\/konstensvecka.se\/index.php?rest_route=\/wp\/v2\/users\/1"}],"replies":[{"embeddable":true,"href":"http:\/\/konstensvecka.se\/index.php?rest_route=%2Fwp%2Fv2%2Fcomments&post=1080"}],"version-history":[{"count":1,"href":"http:\/\/konstensvecka.se\/index.php?rest_route=\/wp\/v2\/posts\/1080\/revisions"}],"predecessor-version":[{"id":1084,"href":"http:\/\/konstensvecka.se\/index.php?rest_route=\/wp\/v2\/posts\/1080\/revisions\/1084"}],"wp:featuredmedia":[{"embeddable":true,"href":"http:\/\/konstensvecka.se\/index.php?rest_route=\/wp\/v2\/media\/1081"}],"wp:attachment":[{"href":"http:\/\/konstensvecka.se\/index.php?rest_route=%2Fwp%2Fv2%2Fmedia&parent=1080"}],"wp:term":[{"taxonomy":"category","embeddable":true,"href":"http:\/\/konstensvecka.se\/index.php?rest_route=%2Fwp%2Fv2%2Fcategories&post=1080"},{"taxonomy":"post_tag","embeddable":true,"href":"http:\/\/konstensvecka.se\/index.php?rest_route=%2Fwp%2Fv2%2Ftags&post=1080"}],"curies":[{"name":"wp","href":"https:\/\/api.w.org\/{rel}","templated":true}]}}