{"id":1007,"date":"2022-08-30T15:22:58","date_gmt":"2022-08-30T13:22:58","guid":{"rendered":"http:\/\/konstensvecka.se\/?p=1007"},"modified":"2022-08-31T09:59:11","modified_gmt":"2022-08-31T07:59:11","slug":"helena-backmark-pa-marks-konstgille","status":"publish","type":"post","link":"http:\/\/konstensvecka.se\/?p=1007","title":{"rendered":"Marks konstgille st\u00e4ller ut Helena Backmark"},"content":{"rendered":"<p style=\"text-align: center;\"><strong>Sedan starten 1985 har Marks konstgille arrangerat utst\u00e4llningar i samband med Konstens Vecka. I \u00e5r st\u00e4ller man ut Helena Backmark 2022-09-24 \u2013 2022-10-09.<br \/>\n<\/strong><\/p>\n<p><a href=\"http:\/\/konstensvecka.se\/wp-content\/uploads\/2022\/08\/helenabackmark.png\"><img loading=\"lazy\" decoding=\"async\" class=\"aligncenter size-full wp-image-1008\" src=\"http:\/\/konstensvecka.se\/wp-content\/uploads\/2022\/08\/helenabackmark.png\" alt=\"\" width=\"467\" height=\"734\" srcset=\"http:\/\/konstensvecka.se\/wp-content\/uploads\/2022\/08\/helenabackmark.png 467w, http:\/\/konstensvecka.se\/wp-content\/uploads\/2022\/08\/helenabackmark-191x300.png 191w\" sizes=\"auto, (max-width: 467px) 100vw, 467px\" \/><\/a><\/p>\n","protected":false},"excerpt":{"rendered":"<p>Sedan starten 1985 har Marks konstgille arrangerat utst\u00e4llningar i samband med Konstens Vecka. I \u00e5r st\u00e4ller man ut Helena Backmark 2022-09-24 \u2013 2022-10-09.<\/p>\n","protected":false},"author":1,"featured_media":1008,"comment_status":"closed","ping_status":"closed","sticky":false,"template":"","format":"standard","meta":{"footnotes":""},"categories":[15],"tags":[],"class_list":{"0":"post-1007","1":"post","2":"type-post","3":"status-publish","4":"format-standard","5":"has-post-thumbnail","7":"category-evenemang-2022-blogg"},"_links":{"self":[{"href":"http:\/\/konstensvecka.se\/index.php?rest_route=\/wp\/v2\/posts\/1007","targetHints":{"allow":["GET"]}}],"collection":[{"href":"http:\/\/konstensvecka.se\/index.php?rest_route=\/wp\/v2\/posts"}],"about":[{"href":"http:\/\/konstensvecka.se\/index.php?rest_route=\/wp\/v2\/types\/post"}],"author":[{"embeddable":true,"href":"http:\/\/konstensvecka.se\/index.php?rest_route=\/wp\/v2\/users\/1"}],"replies":[{"embeddable":true,"href":"http:\/\/konstensvecka.se\/index.php?rest_route=%2Fwp%2Fv2%2Fcomments&post=1007"}],"version-history":[{"count":4,"href":"http:\/\/konstensvecka.se\/index.php?rest_route=\/wp\/v2\/posts\/1007\/revisions"}],"predecessor-version":[{"id":1035,"href":"http:\/\/konstensvecka.se\/index.php?rest_route=\/wp\/v2\/posts\/1007\/revisions\/1035"}],"wp:featuredmedia":[{"embeddable":true,"href":"http:\/\/konstensvecka.se\/index.php?rest_route=\/wp\/v2\/media\/1008"}],"wp:attachment":[{"href":"http:\/\/konstensvecka.se\/index.php?rest_route=%2Fwp%2Fv2%2Fmedia&parent=1007"}],"wp:term":[{"taxonomy":"category","embeddable":true,"href":"http:\/\/konstensvecka.se\/index.php?rest_route=%2Fwp%2Fv2%2Fcategories&post=1007"},{"taxonomy":"post_tag","embeddable":true,"href":"http:\/\/konstensvecka.se\/index.php?rest_route=%2Fwp%2Fv2%2Ftags&post=1007"}],"curies":[{"name":"wp","href":"https:\/\/api.w.org\/{rel}","templated":true}]}}